{"id":864,"date":"2011-05-19T19:28:11","date_gmt":"2011-05-19T18:28:11","guid":{"rendered":"http:\/\/www.murillo.es\/blog\/?p=864"},"modified":"2011-05-19T19:28:11","modified_gmt":"2011-05-19T18:28:11","slug":"yo-estoy-indignado","status":"publish","type":"post","link":"https:\/\/www.murillo.es\/blog\/2011\/05\/19\/yo-estoy-indignado\/","title":{"rendered":"Yo estoy Indignado !"},"content":{"rendered":"<p>Quiz\u00e1s sea un idealista&#8230; pero algo hay que hacer. Yo me uno al manifiesto.<\/p>\n<p><strong>MANIFIESTO \u201cDEMOCRACIA REAL YA\u201d:<\/strong><\/p>\n<p>Somos personas normales y corrientes. Somos como t\u00fa: gente que se  levanta por las ma\u00f1anas para estudiar, para trabajar o para buscar  trabajo, gente que tiene familia y amigos. Gente que trabaja duro todos  los d\u00edas para vivir y dar un futuro mejor a los que nos rodean.<\/p>\n<p>Unos nos consideramos m\u00e1s progresistas, otros m\u00e1s conservadores. Unos  creyentes, otros no. Unos tenemos ideolog\u00edas bien definidas, otros nos  consideramos apol\u00edticos\u2026 Pero todos estamos preocupados e indignados por  el panorama pol\u00edtico, econ\u00f3mico y social que vemos a nuestro alrededor.  Por la corrupci\u00f3n de los pol\u00edticos, empresarios, banqueros\u2026 Por la  indefensi\u00f3n del ciudadano de a pie.<\/p>\n<p>Esta situaci\u00f3n nos hace da\u00f1o a todos diariamente. Pero si todos nos  unimos, podemos cambiarla. Es hora de ponerse en movimiento, hora de  construir entre todos una sociedad mejor. Por ello sostenemos firmemente  lo siguiente:<\/p>\n<ul>\n<li>Las prioridades de toda sociedad avanzada han de ser la igualdad, el  progreso, la solidaridad, el libre acceso a la cultura, la  sostenibilidad ecol\u00f3gica y el desarrollo, el bienestar y la felicidad de  las personas.<\/li>\n<\/ul>\n<ul>\n<li>Existen unos derechos b\u00e1sicos que deber\u00edan estar cubiertos en estas  sociedades: derecho a la vivienda, al trabajo, a la cultura, a la salud,  a la educaci\u00f3n, a la participaci\u00f3n pol\u00edtica, al libre desarrollo  personal, y derecho al consumo de los bienes necesarios para una vida  sana y feliz.<\/li>\n<\/ul>\n<ul>\n<li>El actual funcionamiento de nuestro sistema econ\u00f3mico y  gubernamental no atiende a estas prioridades y es un obst\u00e1culo para el  progreso de la humanidad.<\/li>\n<\/ul>\n<ul>\n<li>La democracia parte del pueblo (demos=pueblo; cracia=gobierno) as\u00ed  que el gobierno debe ser del pueblo. Sin embargo, en este pa\u00eds la mayor  parte de la clase pol\u00edtica ni siquiera nos escucha. Sus funciones  deber\u00edan ser la de llevar nuestra voz a las instituciones, facilitando  la participaci\u00f3n pol\u00edtica ciudadana mediante cauces directos y  procurando el mayor beneficio para el grueso de la sociedad, no la de  enriquecerse y medrar a nuestra costa, atendiendo tan s\u00f3lo a los  dictados de los grandes poderes econ\u00f3micos y aferr\u00e1ndose al poder a  trav\u00e9s de una dictadura partitocr\u00e1tica encabezada por las inamovibles  siglas del PPSOE.<\/li>\n<\/ul>\n<ul>\n<li>El ansia y acumulaci\u00f3n de poder en unos pocos genera desigualdad,  crispaci\u00f3n e injusticia, lo cual conduce a la violencia, que rechazamos.  El obsoleto y antinatural modelo econ\u00f3mico vigente bloquea la  maquinaria social en una espiral que se consume a s\u00ed misma enriqueciendo  a unos pocos y sumiendo en la pobreza y la escasez al resto. Hasta el  colapso.<\/li>\n<\/ul>\n<ul>\n<li>La voluntad y fin del sistema es la acumulaci\u00f3n de dinero,  prim\u00e1ndola por encima de la eficacia y el bienestar de la sociedad.  Despilfarrando recursos, destruyendo el planeta, generando desempleo y  consumidores infelices.<\/li>\n<\/ul>\n<ul>\n<li>Los ciudadanos formamos parte del engranaje de una m\u00e1quina destinada  a enriquecer a una minor\u00eda que no sabe ni de nuestras necesidades.  Somos an\u00f3nimos, pero sin nosotros nada de esto existir\u00eda, pues nosotros  movemos el mundo.<\/li>\n<\/ul>\n<ul>\n<li>Si como sociedad aprendemos a no fiar nuestro futuro a una abstracta  rentabilidad econ\u00f3mica que nunca redunda en beneficio de la mayor\u00eda,  podremos eliminar los abusos y carencias que todos sufrimos.<\/li>\n<\/ul>\n<ul>\n<li>Es necesaria una Revoluci\u00f3n \u00c9tica. Hemos puesto el dinero por encima  del Ser Humano y tenemos que ponerlo a nuestro servicio. Somos  personas, no productos del mercado. No soy s\u00f3lo lo que compro, por qu\u00e9  lo compro y a qui\u00e9n se lo compro.<\/li>\n<\/ul>\n<p>Por todo lo anterior, estoy indignado.<\/p>\n<p>Creo que puedo cambiarlo.<\/p>\n<p>Creo que puedo ayudar.<\/p>\n<p>S\u00e9 que unidos podemos.<\/p>\n<p>Sal con nosotros. Es tu derecho.<\/p>\n","protected":false},"excerpt":{"rendered":"<p>Quiz\u00e1s sea un idealista&#8230; pero algo hay que hacer. Yo me uno al manifiesto. MANIFIESTO \u201cDEMOCRACIA REAL YA\u201d: Somos personas[&#8230;]<\/p>\n","protected":false},"author":1,"featured_media":0,"comment_status":"open","ping_status":"open","sticky":false,"template":"","format":"standard","meta":{"footnotes":""},"categories":[1,2],"tags":[262,259,263],"_links":{"self":[{"href":"https:\/\/www.murillo.es\/blog\/wp-json\/wp\/v2\/posts\/864"}],"collection":[{"href":"https:\/\/www.murillo.es\/blog\/wp-json\/wp\/v2\/posts"}],"about":[{"href":"https:\/\/www.murillo.es\/blog\/wp-json\/wp\/v2\/types\/post"}],"author":[{"embeddable":true,"href":"https:\/\/www.murillo.es\/blog\/wp-json\/wp\/v2\/users\/1"}],"replies":[{"embeddable":true,"href":"https:\/\/www.murillo.es\/blog\/wp-json\/wp\/v2\/comments?post=864"}],"version-history":[{"count":1,"href":"https:\/\/www.murillo.es\/blog\/wp-json\/wp\/v2\/posts\/864\/revisions"}],"predecessor-version":[{"id":865,"href":"https:\/\/www.murillo.es\/blog\/wp-json\/wp\/v2\/posts\/864\/revisions\/865"}],"wp:attachment":[{"href":"https:\/\/www.murillo.es\/blog\/wp-json\/wp\/v2\/media?parent=864"}],"wp:term":[{"taxonomy":"category","embeddable":true,"href":"https:\/\/www.murillo.es\/blog\/wp-json\/wp\/v2\/categories?post=864"},{"taxonomy":"post_tag","embeddable":true,"href":"https:\/\/www.murillo.es\/blog\/wp-json\/wp\/v2\/tags?post=864"}],"curies":[{"name":"wp","href":"https:\/\/api.w.org\/{rel}","templated":true}]}}