{"id":803,"date":"2011-04-26T09:33:23","date_gmt":"2011-04-26T08:33:23","guid":{"rendered":"http:\/\/www.murillo.es\/blog\/?p=803"},"modified":"2011-04-26T09:33:23","modified_gmt":"2011-04-26T08:33:23","slug":"chernobyl-no-es-fukushima-y-nunca-lo-sera","status":"publish","type":"post","link":"https:\/\/www.murillo.es\/blog\/2011\/04\/26\/chernobyl-no-es-fukushima-y-nunca-lo-sera\/","title":{"rendered":"Chernobyl no es Fukushima&#8230; y nunca lo ser\u00e1"},"content":{"rendered":"<p>Hoy 26\u00a0 de abril se cumplen 25 a\u00f1os del accidente nuclear de Chernobyl, el peor que ha sucedido y que el peor que pod\u00eda suceder seg\u00fan los pro-nucleares.<\/p>\n<p>El problema ha llegado 25 a\u00f1os despu\u00e9s ya no solo porque el sarc\u00f3fago que cubre\u00a0 la central tiene filtraciones por todos lados y no hay dinero para hacer uno nuevo, sino porque estamos inmersos en otra \u00abcrisis\u00bb nuclear en Jap\u00f3n que ha ido subiendo de nivel poco poco a poco hasta llegar al nivel 7 ( <a href=\"http:\/\/www.elpais.com\/articulo\/sociedad\/escala\/INES\/elpepuint\/20110412elpepusoc_2\/Tes\">el m\u00e1ximo en la escala INES<\/a> ).<\/p>\n<p><strong>Ha d\u00eda de hoy lo ocurrido en Fukushima es igual de grave que lo ocurrido en Chernobyl<\/strong> pero esto puede tener los d\u00edas contados ya que al se\u00f1or\u00a0<strong> Luis Ech\u00e1varri <\/strong>(director general de <a href=\"http:\/\/www.mityc.es\/energia\/nuclear\/OrganismosInternacionales\/Paginas\/nea.aspx\" target=\"blank\">la Agencia Nuclear de la OCDE<\/a>)\u00a0 se la ha ocurrido\u00a0 una soluci\u00f3n.<\/p>\n<p><strong>El caso es que al lobby nuclear no le hace mucha gracia equiparar el accidente de Chernobyl\u00a0 con el de Fukushima,<\/strong> no vaya a ser que vayan a poner m\u00e1s molinos en las carreteras (pobres buitres leonados),<a href=\"http:\/\/www.elpais.com\/articulo\/internacional\/OCDE\/busca\/cambiar\/escala\/nuclear\/distinguir\/Fukushima\/Chernobil\/elpepiint\/20110425elpepiint_8\/Tes\"> <\/a><strong><a href=\"http:\/\/www.elpais.com\/articulo\/internacional\/OCDE\/busca\/cambiar\/escala\/nuclear\/distinguir\/Fukushima\/Chernobil\/elpepiint\/20110425elpepiint_8\/Tes\">as\u00ed que va a proponer modificar la escala INES\u00a0 y darle un nivel de 8.<\/a> <\/strong>De este modo Chernobyl estar\u00eda en nivel m\u00e1ximo y Fukushima en el Nivel 7.<\/p>\n<p>Quiz\u00e1s dentro de 25 a\u00f1os decidan subir un punto m\u00e1s la escala INES, y dentro de 50 otro punto m\u00e1s y as\u00ed sucesivamente&#8230; <strong>porque tenemos que comprender que Chernobyl siempre, siempre ser\u00e1 el peor accidente de la historia.<\/strong><\/p>\n<p><strong><br \/>\n<\/strong><\/p>\n","protected":false},"excerpt":{"rendered":"<p>Hoy 26\u00a0 de abril se cumplen 25 a\u00f1os del accidente nuclear de Chernobyl, el peor que ha sucedido y que[&#8230;]<\/p>\n","protected":false},"author":1,"featured_media":0,"comment_status":"open","ping_status":"open","sticky":false,"template":"","format":"standard","meta":{"footnotes":""},"categories":[2],"tags":[242,215,251,240,250],"_links":{"self":[{"href":"https:\/\/www.murillo.es\/blog\/wp-json\/wp\/v2\/posts\/803"}],"collection":[{"href":"https:\/\/www.murillo.es\/blog\/wp-json\/wp\/v2\/posts"}],"about":[{"href":"https:\/\/www.murillo.es\/blog\/wp-json\/wp\/v2\/types\/post"}],"author":[{"embeddable":true,"href":"https:\/\/www.murillo.es\/blog\/wp-json\/wp\/v2\/users\/1"}],"replies":[{"embeddable":true,"href":"https:\/\/www.murillo.es\/blog\/wp-json\/wp\/v2\/comments?post=803"}],"version-history":[{"count":3,"href":"https:\/\/www.murillo.es\/blog\/wp-json\/wp\/v2\/posts\/803\/revisions"}],"predecessor-version":[{"id":806,"href":"https:\/\/www.murillo.es\/blog\/wp-json\/wp\/v2\/posts\/803\/revisions\/806"}],"wp:attachment":[{"href":"https:\/\/www.murillo.es\/blog\/wp-json\/wp\/v2\/media?parent=803"}],"wp:term":[{"taxonomy":"category","embeddable":true,"href":"https:\/\/www.murillo.es\/blog\/wp-json\/wp\/v2\/categories?post=803"},{"taxonomy":"post_tag","embeddable":true,"href":"https:\/\/www.murillo.es\/blog\/wp-json\/wp\/v2\/tags?post=803"}],"curies":[{"name":"wp","href":"https:\/\/api.w.org\/{rel}","templated":true}]}}