{"id":77,"date":"2006-03-15T10:39:00","date_gmt":"2006-03-15T08:39:00","guid":{"rendered":"http:\/\/www.murillo.es\/blog\/?p=77"},"modified":"2010-11-02T23:07:50","modified_gmt":"2010-11-02T22:07:50","slug":"fin-de-semana-en-lisboa","status":"publish","type":"post","link":"https:\/\/www.murillo.es\/blog\/2006\/03\/15\/fin-de-semana-en-lisboa\/","title":{"rendered":"Fin de Semana en Lisboa"},"content":{"rendered":"<div>\n<div style=\"text-align: left;\"><img decoding=\"async\" src=\"http:\/\/i6.photobucket.com\/albums\/y235\/joseluismd\/lisboa2.jpg\" border=\"0\" alt=\"\" \/><\/div>\n<\/div>\n<div>Este fin de semana he estado una vez m\u00e1s en la capital Lusa. \u00bf Que os voy a contar de esta ciudad que no os halla contado ya?.<br \/>\nLa cr\u00f3nica del fin de semana la esta haciendo Laura, as\u00ed que  si quereis saber los pormenores del viaje darse una vuelta por su bit\u00e1cora.<\/p>\n<div><a href=\"http:\/\/laurasanchez.es\">Un Mundo para Laura<\/a><\/p>\n<\/div>\n<\/div>\n","protected":false},"excerpt":{"rendered":"<p>Este fin de semana he estado una vez m\u00e1s en la capital Lusa. \u00bf Que os voy a contar de[&#8230;]<\/p>\n","protected":false},"author":1,"featured_media":0,"comment_status":"open","ping_status":"open","sticky":false,"template":"","format":"standard","meta":{"footnotes":""},"categories":[5],"tags":[],"_links":{"self":[{"href":"https:\/\/www.murillo.es\/blog\/wp-json\/wp\/v2\/posts\/77"}],"collection":[{"href":"https:\/\/www.murillo.es\/blog\/wp-json\/wp\/v2\/posts"}],"about":[{"href":"https:\/\/www.murillo.es\/blog\/wp-json\/wp\/v2\/types\/post"}],"author":[{"embeddable":true,"href":"https:\/\/www.murillo.es\/blog\/wp-json\/wp\/v2\/users\/1"}],"replies":[{"embeddable":true,"href":"https:\/\/www.murillo.es\/blog\/wp-json\/wp\/v2\/comments?post=77"}],"version-history":[{"count":1,"href":"https:\/\/www.murillo.es\/blog\/wp-json\/wp\/v2\/posts\/77\/revisions"}],"predecessor-version":[{"id":612,"href":"https:\/\/www.murillo.es\/blog\/wp-json\/wp\/v2\/posts\/77\/revisions\/612"}],"wp:attachment":[{"href":"https:\/\/www.murillo.es\/blog\/wp-json\/wp\/v2\/media?parent=77"}],"wp:term":[{"taxonomy":"category","embeddable":true,"href":"https:\/\/www.murillo.es\/blog\/wp-json\/wp\/v2\/categories?post=77"},{"taxonomy":"post_tag","embeddable":true,"href":"https:\/\/www.murillo.es\/blog\/wp-json\/wp\/v2\/tags?post=77"}],"curies":[{"name":"wp","href":"https:\/\/api.w.org\/{rel}","templated":true}]}}