{"id":59,"date":"2005-11-26T12:48:00","date_gmt":"2005-11-26T10:48:00","guid":{"rendered":"http:\/\/www.murillo.es\/blog\/?p=59"},"modified":"2007-05-16T08:45:07","modified_gmt":"2007-05-16T06:45:07","slug":"mi-debut-como-actor","status":"publish","type":"post","link":"https:\/\/www.murillo.es\/blog\/2005\/11\/26\/mi-debut-como-actor\/","title":{"rendered":"Mi debut como actor"},"content":{"rendered":"<div align=\"justify\">Como algunos sabeis el lunes pasado fue mi estreno como actor, mas concretamente como extra. He aqu\u00ed la cr\u00f3nica de mi primera incursi\u00f3n en el mundo del cine.La pel\u00edcula se llamar\u00e1 \u00abCabeza de perro\u00bb del director Santiago Amodeo , y el protagonista es Juan Jose Ballesta.Se nos cito en la puerta del Alcampo a las 24:00. Ten\u00edamos que ir comidos y con una muda de ropa. Habr\u00edan all\u00ed unas 10 personas, se nos paso lista (faltaron algunos) y pasamos al interior. All\u00ed hab\u00eda otro grupo a los que hab\u00edan citado a las 22:00h En total ser\u00edamos unas 20 personas de lo mas dispar, desde j\u00f3venes hasta personas mayores con su carro de la compra y todo !All\u00ed se nos terminaron de presentar los encargados del rodaje que nos ten\u00edan a su cargo, nos dieron unas brev\u00edsimas instrucciones de en que iba a consistir la noche y nos dejaron all\u00ed sentados a la espera de que nos reclamaran. Dispon\u00edamos de un catering que consist\u00eda en madalenas, tortas de aceite, una cafetera (muy demandada por cierto) refrescos, cervezas etc&#8230; de lo que pod\u00edamos coger lo que nos apeteciera. Tambi\u00e9n nos dieron dos bocadillos y natillas.<\/div>\n<p align=\"center\"><a href=\"http:\/\/i6.photobucket.com\/albums\/y235\/joseluismd\/elbola.jpg\"><img loading=\"lazy\" decoding=\"async\" width=\"335\" height=\"331\" border=\"0\" src=\"http:\/\/i6.photobucket.com\/albums\/y235\/joseluismd\/elbola.jpg\" \/><\/a><\/p>\n<div align=\"center\"><font size=\"2\"><em>Aqu\u00ed me veis con \u00abEl bola\u00bb y con Antonio, un veterano extra en superproducciones<\/em><\/font><\/div>\n<div align=\"center\">\n<div align=\"justify\">Y comiendo, charlando nos dieron las 3:30 de la ma\u00f1ana, que fue cuando llamaron para iniciar el rodaje. All\u00ed estaban todos, asistentes, c\u00e1maras, ayudantes de direcci\u00f3n, actores y director montando las escenas. Nos colocaban y mov\u00edan como fichas , todo con tal de dar un aspecto real de supermercado. Una veces cog\u00edan a unos y otras a otros.Motor&#8230; Acci\u00f3n ! todos empez\u00e1bamos a movernos y el supermercado cobraba vida.Cuando la escena estaba ya preparada y los recorridos de los extras no se ve\u00edan forzados entonces aparec\u00eda \u00abel bola\u00bb y se rodaba la escena definitiva.Respecto a la pregunta que me haceis todos de que si es posible que salga en la peli y se me vea, pues yo pienso que si. Hubo una escena en la que el protagonista va empujando un carro por una calle del supermercado con la c\u00e1mara detr\u00e1s y se cruza conmigo, yo estoy cogiendo pasteles Mart\u00ednez y metiendolos en una bolsa. De todas formas habr\u00e1 que esperar al estreno para ver si mi imagen se ve en la gran pantalla.En definitiva un noche muy entretenida, vimos el proceso de rodaje, conoc\u00edmos a aut\u00e9nticos frikis del cine (muchos ya hab\u00edan actuado en algunas pelis), nos ganamos 30\u20ac por colaborar.. y con un poco de suerte sal\u00edmos en film.<\/div>\n<p align=\"justify\">\n<\/div>\n","protected":false},"excerpt":{"rendered":"<p>Como algunos sabeis el lunes pasado fue mi estreno como actor, mas concretamente como extra. He aqu\u00ed la cr\u00f3nica de[&#8230;]<\/p>\n","protected":false},"author":1,"featured_media":0,"comment_status":"open","ping_status":"open","sticky":false,"template":"","format":"standard","meta":{"footnotes":""},"categories":[5],"tags":[],"_links":{"self":[{"href":"https:\/\/www.murillo.es\/blog\/wp-json\/wp\/v2\/posts\/59"}],"collection":[{"href":"https:\/\/www.murillo.es\/blog\/wp-json\/wp\/v2\/posts"}],"about":[{"href":"https:\/\/www.murillo.es\/blog\/wp-json\/wp\/v2\/types\/post"}],"author":[{"embeddable":true,"href":"https:\/\/www.murillo.es\/blog\/wp-json\/wp\/v2\/users\/1"}],"replies":[{"embeddable":true,"href":"https:\/\/www.murillo.es\/blog\/wp-json\/wp\/v2\/comments?post=59"}],"version-history":[{"count":0,"href":"https:\/\/www.murillo.es\/blog\/wp-json\/wp\/v2\/posts\/59\/revisions"}],"wp:attachment":[{"href":"https:\/\/www.murillo.es\/blog\/wp-json\/wp\/v2\/media?parent=59"}],"wp:term":[{"taxonomy":"category","embeddable":true,"href":"https:\/\/www.murillo.es\/blog\/wp-json\/wp\/v2\/categories?post=59"},{"taxonomy":"post_tag","embeddable":true,"href":"https:\/\/www.murillo.es\/blog\/wp-json\/wp\/v2\/tags?post=59"}],"curies":[{"name":"wp","href":"https:\/\/api.w.org\/{rel}","templated":true}]}}