{"id":442,"date":"2010-04-19T08:38:42","date_gmt":"2010-04-19T07:38:42","guid":{"rendered":"http:\/\/www.murillo.es\/blog\/?p=442"},"modified":"2010-04-21T11:43:18","modified_gmt":"2010-04-21T10:43:18","slug":"horario-de-feria-disculpen-las-molestias","status":"publish","type":"post","link":"https:\/\/www.murillo.es\/blog\/2010\/04\/19\/horario-de-feria-disculpen-las-molestias\/","title":{"rendered":"Horario de Feria, disculpen las molestias"},"content":{"rendered":"<p>Reforma laboral, congelaci\u00f3n de sueldos, posible aumento de edad de jubilaci\u00f3n etc.. son algunas de las propuestas que se escuchan casi a diario en medios de comunicaci\u00f3n para salir de la crisis<\/p>\n<p>Sin embargo esta semana en Sevilla, y por si alguno dudaba, veremos\u00a0 como los esfuerzos para salir de la crisis recaer\u00e1n en los mismos, seremos testigos de\u00a0 como los bancos y cajas\u00a0 a pesar de recibir ayudas estatales, subir las comisiones de mantenimiento, de dar cr\u00e9ditos con cuentagotas&#8230; seguir\u00e1n\u00a0 con sus horarios abusivos.<\/p>\n<p>Durante esta semana\u00a0 veremos como el sector financiero, lejos de aumentar el horario de atenci\u00f3n al p\u00fablico\u00a0 por las tardes o los s\u00e1bados, lo disminuir\u00e1. <strong>Los clientes tendremos que sufrir horarios de 9:30 a 12:30 o de 9:15 a 13:30 en los mejores casos.<\/strong> As\u00ed mientras algunos estamos currando el director de la sucursal estar\u00e1 tomando copitas de manzanilla, o durmiendo la resaca.<\/p>\n<p>\u00bfDonde esta el esfuerzo conjunto que pide el gobierno ?<\/p>\n<p><strong>Me parece inaudito\u00a0 que a pesar de estar \u00abobligados\u00bb a disponer de cuenta bancaria para poder recibir una n\u00f3mina\u00a0 o cobrar el paro, nadie\u00a0 sea capaz de obligar a la banca no ya\u00a0 aumentar el horario de atenci\u00f3n al p\u00fablico sino a mantener el horario privilegiado que tienen durante el a\u00f1o.<\/strong><\/p>\n<p>Que no nos enga\u00f1en, el esfuerzo al que se refieren solo se lo piden a algunos. Y es que ya lo dijo Cervantes:<\/p>\n<p>\u00abDos linajes solos hay en el mundo, como dec\u00eda una ag\u00fcela m\u00eda, que son el tener y el no tener\u00bb Quijote II, 20<\/p>\n<p><span style=\"font-size: small; font-family: Times New Roman;\"><br \/>\n<\/span><\/p>\n","protected":false},"excerpt":{"rendered":"<p>Reforma laboral, congelaci\u00f3n de sueldos, posible aumento de edad de jubilaci\u00f3n etc.. son algunas de las propuestas que se escuchan[&#8230;]<\/p>\n","protected":false},"author":1,"featured_media":0,"comment_status":"open","ping_status":"open","sticky":false,"template":"","format":"standard","meta":{"footnotes":""},"categories":[2],"tags":[107,104,105,62,108,64,65,109,106],"_links":{"self":[{"href":"https:\/\/www.murillo.es\/blog\/wp-json\/wp\/v2\/posts\/442"}],"collection":[{"href":"https:\/\/www.murillo.es\/blog\/wp-json\/wp\/v2\/posts"}],"about":[{"href":"https:\/\/www.murillo.es\/blog\/wp-json\/wp\/v2\/types\/post"}],"author":[{"embeddable":true,"href":"https:\/\/www.murillo.es\/blog\/wp-json\/wp\/v2\/users\/1"}],"replies":[{"embeddable":true,"href":"https:\/\/www.murillo.es\/blog\/wp-json\/wp\/v2\/comments?post=442"}],"version-history":[{"count":2,"href":"https:\/\/www.murillo.es\/blog\/wp-json\/wp\/v2\/posts\/442\/revisions"}],"predecessor-version":[{"id":444,"href":"https:\/\/www.murillo.es\/blog\/wp-json\/wp\/v2\/posts\/442\/revisions\/444"}],"wp:attachment":[{"href":"https:\/\/www.murillo.es\/blog\/wp-json\/wp\/v2\/media?parent=442"}],"wp:term":[{"taxonomy":"category","embeddable":true,"href":"https:\/\/www.murillo.es\/blog\/wp-json\/wp\/v2\/categories?post=442"},{"taxonomy":"post_tag","embeddable":true,"href":"https:\/\/www.murillo.es\/blog\/wp-json\/wp\/v2\/tags?post=442"}],"curies":[{"name":"wp","href":"https:\/\/api.w.org\/{rel}","templated":true}]}}