{"id":221,"date":"2008-04-24T19:10:39","date_gmt":"2008-04-24T18:10:39","guid":{"rendered":"http:\/\/www.murillo.es\/blog\/2008\/04\/24\/como-hacer-que-tu-muerte-sea-digna\/"},"modified":"2009-05-06T10:36:53","modified_gmt":"2009-05-06T09:36:53","slug":"como-hacer-que-tu-muerte-sea-digna","status":"publish","type":"post","link":"https:\/\/www.murillo.es\/blog\/2008\/04\/24\/como-hacer-que-tu-muerte-sea-digna\/","title":{"rendered":"Como hacer que tu muerte sea digna"},"content":{"rendered":"<div>Aqu\u00ed os dejo la perla que solt\u00f3 nuestro amigo el arzobispo de Pamplona el pasado 21 de Marzo de 2008, un hombre de gran sabidur\u00eda y ejemplo a seguir.<\/div>\n<p align=\"justify\">Despu\u00e9s de escuchar sus palabras y de meditarlo mucho propongo, desde esta humilde bit\u00e1cora, que <strong>cojamos a los enfermos terminales, los llevemos al monte y los crucifiquemos a todos<\/strong> a la vista del pueblo, as\u00ed no habr\u00e1 dudas de que su  muerte ha sido digna.<\/p>\n<p>No se como se sorprenden de que los fieles se les vayan corriendo de las iglesias. Si es que vamos pa tras&#8230;<\/p>\n<p><script type=\"text\/javascript\" src=\"http:\/\/www.cadenaser.com\/js\/audio.js\"><\/script> <link rel=\"stylesheet\" href=\"http:\/\/www.cadenaser.com\/css\/ser_llevatelov2.css\" type=\"text\/css\" \/>\n<div id=\"div_wma\"><\/div>\n<div> <a target=\"_blank\" href=\"http:\/\/www.cadenaser.com\/\"><img decoding=\"async\" src=\"http:\/\/www.cadenaser.com\/img\/llevatelo\/logo_ser.gif\" border=0\/><\/a> <a onclick=\"makePlayer({id:'20080321csrcsrsoc_1.Aes', tipo:'audio', href:'mms:\/\/a507.v78079.c7807.e.vm.akamaistream.net\/7\/507\/7807\/49af1325\/prisaffs.download.akamai.com\/7807\/cadenaser\/2008\/03\/20080321csrcsrsoc_1_Aes_LAU.asf', autostart:true, ancho:null, corto:'NO', totalTime:'26'});return false;\" href=\"javascript:void(0)\" title=\"oir\"><img loading=\"lazy\" decoding=\"async\" src=\"http:\/\/www.cadenaser.com\/img\/ico_oir.gif\" width=\"19\" height=\"19\" border=0\/><\/a><\/div>\n","protected":false},"excerpt":{"rendered":"<p>Aqu\u00ed os dejo la perla que solt\u00f3 nuestro amigo el arzobispo de Pamplona el pasado 21 de Marzo de 2008,[&#8230;]<\/p>\n","protected":false},"author":1,"featured_media":0,"comment_status":"open","ping_status":"open","sticky":false,"template":"","format":"standard","meta":{"footnotes":""},"categories":[2],"tags":[],"_links":{"self":[{"href":"https:\/\/www.murillo.es\/blog\/wp-json\/wp\/v2\/posts\/221"}],"collection":[{"href":"https:\/\/www.murillo.es\/blog\/wp-json\/wp\/v2\/posts"}],"about":[{"href":"https:\/\/www.murillo.es\/blog\/wp-json\/wp\/v2\/types\/post"}],"author":[{"embeddable":true,"href":"https:\/\/www.murillo.es\/blog\/wp-json\/wp\/v2\/users\/1"}],"replies":[{"embeddable":true,"href":"https:\/\/www.murillo.es\/blog\/wp-json\/wp\/v2\/comments?post=221"}],"version-history":[{"count":3,"href":"https:\/\/www.murillo.es\/blog\/wp-json\/wp\/v2\/posts\/221\/revisions"}],"predecessor-version":[{"id":304,"href":"https:\/\/www.murillo.es\/blog\/wp-json\/wp\/v2\/posts\/221\/revisions\/304"}],"wp:attachment":[{"href":"https:\/\/www.murillo.es\/blog\/wp-json\/wp\/v2\/media?parent=221"}],"wp:term":[{"taxonomy":"category","embeddable":true,"href":"https:\/\/www.murillo.es\/blog\/wp-json\/wp\/v2\/categories?post=221"},{"taxonomy":"post_tag","embeddable":true,"href":"https:\/\/www.murillo.es\/blog\/wp-json\/wp\/v2\/tags?post=221"}],"curies":[{"name":"wp","href":"https:\/\/api.w.org\/{rel}","templated":true}]}}