{"id":200,"date":"2007-11-23T13:04:21","date_gmt":"2007-11-23T12:04:21","guid":{"rendered":"http:\/\/www.murillo.es\/blog\/2007\/11\/23\/blade-runner-the-final-cut\/"},"modified":"2007-11-28T23:14:34","modified_gmt":"2007-11-28T22:14:34","slug":"blade-runner-the-final-cut","status":"publish","type":"post","link":"https:\/\/www.murillo.es\/blog\/2007\/11\/23\/blade-runner-the-final-cut\/","title":{"rendered":"Blade Runner. The final cut"},"content":{"rendered":"<p align=\"justify\"><object width=\"425\" height=\"355\"><param name=\"movie\" value=\"http:\/\/www.youtube.com\/v\/J_hYs1jBy8Y&#038;rel=1\"><\/param><param name=\"wmode\" value=\"transparent\"><\/param><embed src=\"http:\/\/www.youtube.com\/v\/J_hYs1jBy8Y&#038;rel=1\" type=\"application\/x-shockwave-flash\" wmode=\"transparent\" width=\"425\" height=\"355\"><\/embed><\/object><\/p>\n<p align=\"justify\">Est\u00e1n dando en el cine Avenida, el ultimo montaje de Blade Runner en el que  han mejorado la imagen y el sonido, adem\u00e1s de pulir algunos detalles solo apreciables por frikis (entre los que me incluyo)<\/p>\n<p align=\"justify\">A pesar de que no var\u00eda pr\u00e1cticamente nada con respecto a la versi\u00f3n del director re-estrenada all\u00e1 por el a\u00f1o 1992, es una buena oportunidad de disfrutar de esta fant\u00e1stica pel\u00edcula de ciencia-ficci\u00f3n en pantalla grande.<\/p>\n<p align=\"justify\">Estar\u00e1n exhibi\u00e9ndola hasta el Jueves 29, pero si no pod\u00e9is ir en estos d\u00edas me ofrezco a invitaros a un pase privado en casa a partir del 11 de diciembre.<\/p>\n<p align=\"justify\">Tambien para los que viajen mucho les pongo fechas disponibles en otras ciudades de espa\u00f1a<\/p>\n<p align=\"justify\"><strong>Madrid<\/strong>: <a target=\"_blank\" href=\"http:\/\/www.cines-verdi.com\/\">Cine Verdi<\/a> en la sala 1 (16:00 &#8211; 18:15 &#8211; 20:30 &#8211; 22:45)<br \/>\n<strong>Barcelona<\/strong>: <a target=\"_blank\" href=\"http:\/\/www.cines-verdi.com\/\">Cine Verdi<\/a> en la sala 1 (16:00 &#8211; 18:15 &#8211; 20:30 &#8211; 22:45)<br \/>\n<strong>Girona<\/strong>: Cine Alb\u00e9niz en la sala 10 (16.00 &#8211; 18.15 &#8211; 20.30 &#8211; 22.45)<br \/>\n<strong>Sevilla<\/strong>: <a target=\"_blank\" href=\"http:\/\/www.entradas.com\/entradas\/a001006.do\">Cine Avenida<\/a> en la sala 3 (18.00 &#8211; 20.10 &#8211; 22.20)<br \/>\n<strong>Madrid (Pozuelo)<\/strong>: <a target=\"_blank\" href=\"http:\/\/www.kinepolis.com\/\">Cine Kinepolis<\/a> (17:45 &#8211; 19:45 &#8211; 22:45 &#8211; 01:20)<br \/>\n<strong>Granada (Pulianas)<\/strong>: <a target=\"_blank\" href=\"http:\/\/www.kinepolis.com\/\">Cine Kinepolis<\/a> (17:45 &#8211; 19:45 &#8211; 22:45 &#8211; 01:20)<br \/>\n<strong>Valencia (Paterna)<\/strong>: <a target=\"_blank\" href=\"http:\/\/www.kinepolis.com\/\">Cine Kinepolis<\/a> (17:45 &#8211; 19:45 &#8211; 22:45 &#8211; 01:20)<\/p>\n","protected":false},"excerpt":{"rendered":"<p>Est\u00e1n dando en el cine Avenida, el ultimo montaje de Blade Runner en el que han mejorado la imagen y[&#8230;]<\/p>\n","protected":false},"author":1,"featured_media":0,"comment_status":"open","ping_status":"open","sticky":false,"template":"","format":"standard","meta":{"footnotes":""},"categories":[3],"tags":[],"_links":{"self":[{"href":"https:\/\/www.murillo.es\/blog\/wp-json\/wp\/v2\/posts\/200"}],"collection":[{"href":"https:\/\/www.murillo.es\/blog\/wp-json\/wp\/v2\/posts"}],"about":[{"href":"https:\/\/www.murillo.es\/blog\/wp-json\/wp\/v2\/types\/post"}],"author":[{"embeddable":true,"href":"https:\/\/www.murillo.es\/blog\/wp-json\/wp\/v2\/users\/1"}],"replies":[{"embeddable":true,"href":"https:\/\/www.murillo.es\/blog\/wp-json\/wp\/v2\/comments?post=200"}],"version-history":[{"count":0,"href":"https:\/\/www.murillo.es\/blog\/wp-json\/wp\/v2\/posts\/200\/revisions"}],"wp:attachment":[{"href":"https:\/\/www.murillo.es\/blog\/wp-json\/wp\/v2\/media?parent=200"}],"wp:term":[{"taxonomy":"category","embeddable":true,"href":"https:\/\/www.murillo.es\/blog\/wp-json\/wp\/v2\/categories?post=200"},{"taxonomy":"post_tag","embeddable":true,"href":"https:\/\/www.murillo.es\/blog\/wp-json\/wp\/v2\/tags?post=200"}],"curies":[{"name":"wp","href":"https:\/\/api.w.org\/{rel}","templated":true}]}}